{"id":5115,"date":"2025-04-09T19:29:32","date_gmt":"2025-04-09T17:29:32","guid":{"rendered":"https:\/\/www.dk-fotos.de\/blog\/?p=5115"},"modified":"2025-04-09T19:29:32","modified_gmt":"2025-04-09T17:29:32","slug":"von-elend-zum-wurmberg","status":"publish","type":"post","link":"http:\/\/www.dk-fotos.de\/blog\/von-elend-zum-wurmberg\/","title":{"rendered":"Von Elend zum Wurmberg"},"content":{"rendered":"\n<p>Am vergangenen Wochenende f\u00fchrte unsere Wanderung durch die Harzregionen zum Wurmberg mit 971,2 m, dem zweith\u00f6chsten Gipfel des Harzes.<br>Vom Wurmberg hat man einen herrlichen Ausblicks auf den Brocken 1.141 m, den h\u00f6chsten Berg im Harz.<br>Die nostalgische Brockenbahn, die zahlreiche Besucher anzieht, konnte man w\u00e4hrend der Wanderung gut h\u00f6ren und sp\u00e4ter auch gut sehen.<br>Die R\u00fccktour sind wir dann \u00fcber Schierke zur\u00fcck nach Elend gewandert, dort bot sich uns dann noch ein sch\u00f6ner Blick auf Schierke dem Schieker Bahnhof und dem schierker Feuerstein.<br>Trotz der widrigen Bedingungen bleibt die Sch\u00f6nheit der Landschaft unvergessen und l\u00e4dt dazu ein, weitere Erkundungen in dieser beeindruckenden Region vorzunehmen.<\/p>\n\n\n\nngg_shortcode_0_placeholder\n\n\n\n<p><\/p>\n","protected":false},"excerpt":{"rendered":"<p>Am vergangenen Wochenende f\u00fchrte unsere Wanderung durch die Harzregionen zum Wurmberg mit 971,2 m, dem zweith\u00f6chsten Gipfel des Harzes.Vom Wurmberg hat man einen herrlichen Ausblicks auf den Brocken 1.141 m, den h\u00f6chsten Berg im Harz.Die nostalgische Brockenbahn, die zahlreiche Besucher anzieht, konnte man w\u00e4hrend der Wanderung gut h\u00f6ren und sp\u00e4ter auch gut sehen.Die R\u00fccktour sind [&hellip;]<\/p>\n","protected":false},"author":1,"featured_media":5132,"comment_status":"closed","ping_status":"open","sticky":false,"template":"","format":"standard","meta":{"ngg_post_thumbnail":0,"_jetpack_memberships_contains_paid_content":false,"footnotes":""},"categories":[97,6,8],"tags":[],"class_list":["post-5115","post","type-post","status-publish","format-standard","has-post-thumbnail","hentry","category-harz","category-landschaft","category-reisen"],"jetpack_featured_media_url":"http:\/\/www.dk-fotos.de\/blog\/wp-content\/uploads\/2025\/04\/250405_deko_3991.jpg","jetpack_sharing_enabled":true,"_links":{"self":[{"href":"http:\/\/www.dk-fotos.de\/blog\/wp-json\/wp\/v2\/posts\/5115","targetHints":{"allow":["GET"]}}],"collection":[{"href":"http:\/\/www.dk-fotos.de\/blog\/wp-json\/wp\/v2\/posts"}],"about":[{"href":"http:\/\/www.dk-fotos.de\/blog\/wp-json\/wp\/v2\/types\/post"}],"author":[{"embeddable":true,"href":"http:\/\/www.dk-fotos.de\/blog\/wp-json\/wp\/v2\/users\/1"}],"replies":[{"embeddable":true,"href":"http:\/\/www.dk-fotos.de\/blog\/wp-json\/wp\/v2\/comments?post=5115"}],"version-history":[{"count":2,"href":"http:\/\/www.dk-fotos.de\/blog\/wp-json\/wp\/v2\/posts\/5115\/revisions"}],"predecessor-version":[{"id":5134,"href":"http:\/\/www.dk-fotos.de\/blog\/wp-json\/wp\/v2\/posts\/5115\/revisions\/5134"}],"wp:featuredmedia":[{"embeddable":true,"href":"http:\/\/www.dk-fotos.de\/blog\/wp-json\/wp\/v2\/media\/5132"}],"wp:attachment":[{"href":"http:\/\/www.dk-fotos.de\/blog\/wp-json\/wp\/v2\/media?parent=5115"}],"wp:term":[{"taxonomy":"category","embeddable":true,"href":"http:\/\/www.dk-fotos.de\/blog\/wp-json\/wp\/v2\/categories?post=5115"},{"taxonomy":"post_tag","embeddable":true,"href":"http:\/\/www.dk-fotos.de\/blog\/wp-json\/wp\/v2\/tags?post=5115"}],"curies":[{"name":"wp","href":"https:\/\/api.w.org\/{rel}","templated":true}]}}