{"id":4972,"date":"2025-03-24T16:51:47","date_gmt":"2025-03-24T15:51:47","guid":{"rendered":"https:\/\/www.dk-fotos.de\/blog\/?p=4972"},"modified":"2025-03-25T12:43:36","modified_gmt":"2025-03-25T11:43:36","slug":"der-ohre-droemling","status":"publish","type":"post","link":"http:\/\/www.dk-fotos.de\/blog\/der-ohre-droemling\/","title":{"rendered":"Der Ohre-Dr\u00f6mling &#8230;"},"content":{"rendered":"\n<p>&#8230; ist ein faszinierendes Naturgebiet, das mit seinen Erlebnisrundwegen begeistert. Hier gibt es drei Rundwege &#8211; Runde der Kulturlandschaft, Runde der Moordammkulturen und Runde zur Kernzone. <br>Wir entschieden uns f\u00fcr die Runde zur Kernzone entlang am Steimker Graben dieser l\u00e4dt zu erholsamen Spazierg\u00e4ngen ein. Es ging Richtung Beobachtungsturm, dort hat man eine atemberaubende Aussicht auf die offene Weidelandschaft. Hier kann man die Vielfalt der Flora und Fauna erleben. Die Moorlandschaften sind herrlich anmutig und bieten einen einzigartigen Lebensraum f\u00fcr viele Tierarten. \u00dcber einen Holzweg, der durch das Areal f\u00fchrt, l\u00e4sst sich die nat\u00fcrliche Sch\u00f6nheit der Region hautnah entdecken. Zur\u00fcck ging es dann immer entlang der Ohre zum Startpunkt,<br>da kamen dann gute 7 km zusammen.<br>Der Ohre-Dr\u00f6mling ist auch ein perfekter Ort f\u00fcr Naturbeobachtungen und entspannte Ausfl\u00fcge.<\/p>\n\n\n\nngg_shortcode_0_placeholder\n\n\n\n<p><\/p>\n","protected":false},"excerpt":{"rendered":"<p>&#8230; ist ein faszinierendes Naturgebiet, das mit seinen Erlebnisrundwegen begeistert. Hier gibt es drei Rundwege &#8211; Runde der Kulturlandschaft, Runde der Moordammkulturen und Runde zur Kernzone. Wir entschieden uns f\u00fcr die Runde zur Kernzone entlang am Steimker Graben dieser l\u00e4dt zu erholsamen Spazierg\u00e4ngen ein. Es ging Richtung Beobachtungsturm, dort hat man eine atemberaubende Aussicht auf [&hellip;]<\/p>\n","protected":false},"author":1,"featured_media":5021,"comment_status":"closed","ping_status":"open","sticky":false,"template":"","format":"standard","meta":{"ngg_post_thumbnail":0,"_jetpack_memberships_contains_paid_content":false,"footnotes":""},"categories":[6,96,100],"tags":[],"class_list":["post-4972","post","type-post","status-publish","format-standard","has-post-thumbnail","hentry","category-landschaft","category-tiere","category-wildlife"],"jetpack_featured_media_url":"http:\/\/www.dk-fotos.de\/blog\/wp-content\/uploads\/2025\/03\/250323_deko_3379.jpg","jetpack_sharing_enabled":true,"_links":{"self":[{"href":"http:\/\/www.dk-fotos.de\/blog\/wp-json\/wp\/v2\/posts\/4972","targetHints":{"allow":["GET"]}}],"collection":[{"href":"http:\/\/www.dk-fotos.de\/blog\/wp-json\/wp\/v2\/posts"}],"about":[{"href":"http:\/\/www.dk-fotos.de\/blog\/wp-json\/wp\/v2\/types\/post"}],"author":[{"embeddable":true,"href":"http:\/\/www.dk-fotos.de\/blog\/wp-json\/wp\/v2\/users\/1"}],"replies":[{"embeddable":true,"href":"http:\/\/www.dk-fotos.de\/blog\/wp-json\/wp\/v2\/comments?post=4972"}],"version-history":[{"count":3,"href":"http:\/\/www.dk-fotos.de\/blog\/wp-json\/wp\/v2\/posts\/4972\/revisions"}],"predecessor-version":[{"id":5093,"href":"http:\/\/www.dk-fotos.de\/blog\/wp-json\/wp\/v2\/posts\/4972\/revisions\/5093"}],"wp:featuredmedia":[{"embeddable":true,"href":"http:\/\/www.dk-fotos.de\/blog\/wp-json\/wp\/v2\/media\/5021"}],"wp:attachment":[{"href":"http:\/\/www.dk-fotos.de\/blog\/wp-json\/wp\/v2\/media?parent=4972"}],"wp:term":[{"taxonomy":"category","embeddable":true,"href":"http:\/\/www.dk-fotos.de\/blog\/wp-json\/wp\/v2\/categories?post=4972"},{"taxonomy":"post_tag","embeddable":true,"href":"http:\/\/www.dk-fotos.de\/blog\/wp-json\/wp\/v2\/tags?post=4972"}],"curies":[{"name":"wp","href":"https:\/\/api.w.org\/{rel}","templated":true}]}}