{"id":4861,"date":"2025-03-06T20:03:13","date_gmt":"2025-03-06T19:03:13","guid":{"rendered":"https:\/\/www.dk-fotos.de\/blog\/?p=4861"},"modified":"2025-03-08T17:24:21","modified_gmt":"2025-03-08T16:24:21","slug":"kleine-tour-durchs-selketal","status":"publish","type":"post","link":"http:\/\/www.dk-fotos.de\/blog\/kleine-tour-durchs-selketal\/","title":{"rendered":"Kleine Tour durchs Selketal"},"content":{"rendered":"\n<p>Am Wochenende ging es wieder f\u00fcr eine kleine Tour ins Selketal in der Hoffnung die Wasseramsel schon zu sichten. Vorbei an der Talm\u00fchle mit einem sch\u00f6nen Blick zur Burg Falkenstein. Die Wasseramsel blieb diesmal leider aus, aber ein Graureiher posierte noch ein wenig an der Selke.<br><br>Die\u00a0Burg Falkenstein\u00a0ist eine\u00a0hochmittelalterliche\u00a0H\u00f6henburg\u00a0im\u00a0Harz. Sie geh\u00f6rt zum Ortsteil\u00a0Pansfelde\u00a0der Stadt\u00a0Falkenstein\/Harz,\u00a0Landkreis Harz\u00a0in\u00a0Sachsen-Anhalt, Deutschland.<br><br>ngg_shortcode_0_placeholder<\/p>\n\n\n\n<p><\/p>\n\n\n\n<p><\/p>\n","protected":false},"excerpt":{"rendered":"<p>Am Wochenende ging es wieder f\u00fcr eine kleine Tour ins Selketal in der Hoffnung die Wasseramsel schon zu sichten. Vorbei an der Talm\u00fchle mit einem sch\u00f6nen Blick zur Burg Falkenstein. Die Wasseramsel blieb diesmal leider aus, aber ein Graureiher posierte noch ein wenig an der Selke. Die\u00a0Burg Falkenstein\u00a0ist eine\u00a0hochmittelalterliche\u00a0H\u00f6henburg\u00a0im\u00a0Harz. Sie geh\u00f6rt zum Ortsteil\u00a0Pansfelde\u00a0der Stadt\u00a0Falkenstein\/Harz,\u00a0Landkreis Harz\u00a0in\u00a0Sachsen-Anhalt, [&hellip;]<\/p>\n","protected":false},"author":1,"featured_media":4873,"comment_status":"closed","ping_status":"open","sticky":false,"template":"","format":"standard","meta":{"ngg_post_thumbnail":0,"_jetpack_memberships_contains_paid_content":false,"footnotes":""},"categories":[97,6,96,100],"tags":[],"class_list":["post-4861","post","type-post","status-publish","format-standard","has-post-thumbnail","hentry","category-harz","category-landschaft","category-tiere","category-wildlife"],"jetpack_featured_media_url":"http:\/\/www.dk-fotos.de\/blog\/wp-content\/uploads\/2025\/03\/250302_deko_2421.jpg","jetpack_sharing_enabled":true,"_links":{"self":[{"href":"http:\/\/www.dk-fotos.de\/blog\/wp-json\/wp\/v2\/posts\/4861","targetHints":{"allow":["GET"]}}],"collection":[{"href":"http:\/\/www.dk-fotos.de\/blog\/wp-json\/wp\/v2\/posts"}],"about":[{"href":"http:\/\/www.dk-fotos.de\/blog\/wp-json\/wp\/v2\/types\/post"}],"author":[{"embeddable":true,"href":"http:\/\/www.dk-fotos.de\/blog\/wp-json\/wp\/v2\/users\/1"}],"replies":[{"embeddable":true,"href":"http:\/\/www.dk-fotos.de\/blog\/wp-json\/wp\/v2\/comments?post=4861"}],"version-history":[{"count":3,"href":"http:\/\/www.dk-fotos.de\/blog\/wp-json\/wp\/v2\/posts\/4861\/revisions"}],"predecessor-version":[{"id":4886,"href":"http:\/\/www.dk-fotos.de\/blog\/wp-json\/wp\/v2\/posts\/4861\/revisions\/4886"}],"wp:featuredmedia":[{"embeddable":true,"href":"http:\/\/www.dk-fotos.de\/blog\/wp-json\/wp\/v2\/media\/4873"}],"wp:attachment":[{"href":"http:\/\/www.dk-fotos.de\/blog\/wp-json\/wp\/v2\/media?parent=4861"}],"wp:term":[{"taxonomy":"category","embeddable":true,"href":"http:\/\/www.dk-fotos.de\/blog\/wp-json\/wp\/v2\/categories?post=4861"},{"taxonomy":"post_tag","embeddable":true,"href":"http:\/\/www.dk-fotos.de\/blog\/wp-json\/wp\/v2\/tags?post=4861"}],"curies":[{"name":"wp","href":"https:\/\/api.w.org\/{rel}","templated":true}]}}