{"id":4841,"date":"2025-03-06T19:45:46","date_gmt":"2025-03-06T18:45:46","guid":{"rendered":"https:\/\/www.dk-fotos.de\/blog\/?p=4841"},"modified":"2025-03-06T19:45:46","modified_gmt":"2025-03-06T18:45:46","slug":"unterwegs-zu-den-grosstrappen","status":"publish","type":"post","link":"http:\/\/www.dk-fotos.de\/blog\/unterwegs-zu-den-grosstrappen\/","title":{"rendered":"Unterwegs zu den Gro\u00dftrappen &#8230;"},"content":{"rendered":"\n<p>&#8230; im Havell\u00e4ndischen Luch, dort waren schon die ersten Gro\u00dftrappen zu sehen. <br><br>Aber von Anfang April bis Ende Mai lockt ein besonderes Schauspiel Vogelbegeisterte in das Havell\u00e4ndische Luch im Naturpark Westhavelland: die spektakul\u00e4re Balz der Gro\u00dftrappen.<br><br>Die\u00a0Gro\u00dftrappe\u00a0(<em>Otis tarda<\/em>) ist ein\u00a0Vogel\u00a0aus der\u00a0Familie\u00a0der\u00a0Trappen\u00a0(Otididae). Mit einem Gewicht von bis zu 16\u00a0kg z\u00e4hlt sie zu den schwersten flugf\u00e4higen V\u00f6geln der Welt.<br><br>Rehe und Kraniche kamen auch noch vor die Kamera.<br><br>ngg_shortcode_0_placeholder<\/p>\n\n\n\n<p><\/p>\n\n\n\n<p><\/p>\n","protected":false},"excerpt":{"rendered":"<p>&#8230; im Havell\u00e4ndischen Luch, dort waren schon die ersten Gro\u00dftrappen zu sehen. Aber von Anfang April bis Ende Mai lockt ein besonderes Schauspiel Vogelbegeisterte in das Havell\u00e4ndische Luch im Naturpark Westhavelland: die spektakul\u00e4re Balz der Gro\u00dftrappen. Die\u00a0Gro\u00dftrappe\u00a0(Otis tarda) ist ein\u00a0Vogel\u00a0aus der\u00a0Familie\u00a0der\u00a0Trappen\u00a0(Otididae). Mit einem Gewicht von bis zu 16\u00a0kg z\u00e4hlt sie zu den schwersten flugf\u00e4higen V\u00f6geln [&hellip;]<\/p>\n","protected":false},"author":1,"featured_media":4859,"comment_status":"closed","ping_status":"open","sticky":false,"template":"","format":"standard","meta":{"ngg_post_thumbnail":0,"_jetpack_memberships_contains_paid_content":false,"footnotes":""},"categories":[6,96,100],"tags":[],"class_list":["post-4841","post","type-post","status-publish","format-standard","has-post-thumbnail","hentry","category-landschaft","category-tiere","category-wildlife"],"jetpack_featured_media_url":"http:\/\/www.dk-fotos.de\/blog\/wp-content\/uploads\/2025\/03\/250223_deko_1916.jpg","jetpack_sharing_enabled":true,"_links":{"self":[{"href":"http:\/\/www.dk-fotos.de\/blog\/wp-json\/wp\/v2\/posts\/4841","targetHints":{"allow":["GET"]}}],"collection":[{"href":"http:\/\/www.dk-fotos.de\/blog\/wp-json\/wp\/v2\/posts"}],"about":[{"href":"http:\/\/www.dk-fotos.de\/blog\/wp-json\/wp\/v2\/types\/post"}],"author":[{"embeddable":true,"href":"http:\/\/www.dk-fotos.de\/blog\/wp-json\/wp\/v2\/users\/1"}],"replies":[{"embeddable":true,"href":"http:\/\/www.dk-fotos.de\/blog\/wp-json\/wp\/v2\/comments?post=4841"}],"version-history":[{"count":1,"href":"http:\/\/www.dk-fotos.de\/blog\/wp-json\/wp\/v2\/posts\/4841\/revisions"}],"predecessor-version":[{"id":4858,"href":"http:\/\/www.dk-fotos.de\/blog\/wp-json\/wp\/v2\/posts\/4841\/revisions\/4858"}],"wp:featuredmedia":[{"embeddable":true,"href":"http:\/\/www.dk-fotos.de\/blog\/wp-json\/wp\/v2\/media\/4859"}],"wp:attachment":[{"href":"http:\/\/www.dk-fotos.de\/blog\/wp-json\/wp\/v2\/media?parent=4841"}],"wp:term":[{"taxonomy":"category","embeddable":true,"href":"http:\/\/www.dk-fotos.de\/blog\/wp-json\/wp\/v2\/categories?post=4841"},{"taxonomy":"post_tag","embeddable":true,"href":"http:\/\/www.dk-fotos.de\/blog\/wp-json\/wp\/v2\/tags?post=4841"}],"curies":[{"name":"wp","href":"https:\/\/api.w.org\/{rel}","templated":true}]}}