{"id":4564,"date":"2020-08-22T19:35:56","date_gmt":"2020-08-22T17:35:56","guid":{"rendered":"http:\/\/www.dk-fotos.de\/blog\/?p=4564"},"modified":"2020-08-22T19:35:56","modified_gmt":"2020-08-22T17:35:56","slug":"saechsische-schweiz-teil-iii","status":"publish","type":"post","link":"http:\/\/www.dk-fotos.de\/blog\/saechsische-schweiz-teil-iii\/","title":{"rendered":"S\u00e4chsische Schweiz Teil III"},"content":{"rendered":"\n<p>Heute stand eine Tour zum <a rel=\"noreferrer noopener\" href=\"https:\/\/de.wikipedia.org\/wiki\/Lilienstein\" target=\"_blank\">Lilienstein<\/a> auf dem Plan. <br>Von Pirna ging es mit dem Zug nach <a rel=\"noreferrer noopener\" href=\"https:\/\/de.wikipedia.org\/wiki\/K%C3%B6nigstein_(S%C3%A4chsische_Schweiz)\" target=\"_blank\">K\u00f6nigstein<\/a> da das Wetter nicht ganz so sch\u00f6n war, aber es gibt ja nur schlechte Kleidung \ud83d\ude09 .<br>Vom Bahnhof K\u00f6nigstein ging es ein paar Meter zur F\u00e4hre und dann r\u00fcber nach Halbestadt. Der Weg und der Aufstieg zum Lilienstein sind schon etwas anspruchsvoll. Unterwegs kamen uns sogar noch Alpakas, welche man f\u00fcr Wanderungen mieten konnte entgegen.<br>Auf dem Lilienstein angekommen hat man bei gutem Wetter eine super Sicht auf die Festung K\u00f6nigstein, bis nach Rathen zur Bastei und das ganze Umland. Leider spielte hier das Wetter nicht ganz so mit, war aber nicht schlimm.<br>ngg_shortcode_0_placeholder<\/p>\n","protected":false},"excerpt":{"rendered":"<p>Heute stand eine Tour zum Lilienstein auf dem Plan. Von Pirna ging es mit dem Zug nach K\u00f6nigstein da das Wetter nicht ganz so sch\u00f6n war, aber es gibt ja nur schlechte Kleidung \ud83d\ude09 .Vom Bahnhof K\u00f6nigstein ging es ein paar Meter zur F\u00e4hre und dann r\u00fcber nach Halbestadt. Der Weg und der Aufstieg zum [&hellip;]<\/p>\n","protected":false},"author":1,"featured_media":4605,"comment_status":"closed","ping_status":"open","sticky":false,"template":"","format":"standard","meta":{"ngg_post_thumbnail":0,"_jetpack_memberships_contains_paid_content":false,"footnotes":""},"categories":[6,8],"tags":[],"class_list":["post-4564","post","type-post","status-publish","format-standard","has-post-thumbnail","hentry","category-landschaft","category-reisen"],"jetpack_featured_media_url":"http:\/\/www.dk-fotos.de\/blog\/wp-content\/uploads\/2020\/08\/nggallery_import\/2007deko_013.jpg","jetpack_sharing_enabled":true,"_links":{"self":[{"href":"http:\/\/www.dk-fotos.de\/blog\/wp-json\/wp\/v2\/posts\/4564","targetHints":{"allow":["GET"]}}],"collection":[{"href":"http:\/\/www.dk-fotos.de\/blog\/wp-json\/wp\/v2\/posts"}],"about":[{"href":"http:\/\/www.dk-fotos.de\/blog\/wp-json\/wp\/v2\/types\/post"}],"author":[{"embeddable":true,"href":"http:\/\/www.dk-fotos.de\/blog\/wp-json\/wp\/v2\/users\/1"}],"replies":[{"embeddable":true,"href":"http:\/\/www.dk-fotos.de\/blog\/wp-json\/wp\/v2\/comments?post=4564"}],"version-history":[{"count":1,"href":"http:\/\/www.dk-fotos.de\/blog\/wp-json\/wp\/v2\/posts\/4564\/revisions"}],"predecessor-version":[{"id":4604,"href":"http:\/\/www.dk-fotos.de\/blog\/wp-json\/wp\/v2\/posts\/4564\/revisions\/4604"}],"wp:featuredmedia":[{"embeddable":true,"href":"http:\/\/www.dk-fotos.de\/blog\/wp-json\/wp\/v2\/media\/4605"}],"wp:attachment":[{"href":"http:\/\/www.dk-fotos.de\/blog\/wp-json\/wp\/v2\/media?parent=4564"}],"wp:term":[{"taxonomy":"category","embeddable":true,"href":"http:\/\/www.dk-fotos.de\/blog\/wp-json\/wp\/v2\/categories?post=4564"},{"taxonomy":"post_tag","embeddable":true,"href":"http:\/\/www.dk-fotos.de\/blog\/wp-json\/wp\/v2\/tags?post=4564"}],"curies":[{"name":"wp","href":"https:\/\/api.w.org\/{rel}","templated":true}]}}