{"id":4487,"date":"2020-08-18T10:18:03","date_gmt":"2020-08-18T08:18:03","guid":{"rendered":"http:\/\/www.dk-fotos.de\/blog\/?p=4487"},"modified":"2020-08-18T10:18:03","modified_gmt":"2020-08-18T08:18:03","slug":"saechsische-schweiz-teil-i","status":"publish","type":"post","link":"http:\/\/www.dk-fotos.de\/blog\/saechsische-schweiz-teil-i\/","title":{"rendered":"S\u00e4chsische Schweiz Teil I"},"content":{"rendered":"\n<p>Der Urlaub in der S\u00e4chsischen Schweiz ist schon eine Weile her und der n\u00e4chste steht bald an ;-), aber ein paar Eindr\u00fccke m\u00f6chte ich noch Zeigen.<br>Am ersten Tag angekommen haben wir gleich noch das die Zeit und das sch\u00f6ne Wetter genutzt und sind mit dem Rad nach <a rel=\"noreferrer noopener\" href=\"https:\/\/de.wikipedia.org\/wiki\/Rathen\" target=\"_blank\">Rathen<\/a> in die <a rel=\"noreferrer noopener\" href=\"https:\/\/de.wikipedia.org\/wiki\/Bastei_(Fels)\" target=\"_blank\">Bastei<\/a>  oder doch zur Bastei \ud83d\ude09 gefahren. <br>Die R\u00e4der haben wir dann im Ort stehen lassen und sind dann zur Basteibr\u00fccke hoch.<br>Hier ein paar Eindr\u00fccke<br>ngg_shortcode_0_placeholder<\/p>\n","protected":false},"excerpt":{"rendered":"<p>Der Urlaub in der S\u00e4chsischen Schweiz ist schon eine Weile her und der n\u00e4chste steht bald an ;-), aber ein paar Eindr\u00fccke m\u00f6chte ich noch Zeigen.Am ersten Tag angekommen haben wir gleich noch das die Zeit und das sch\u00f6ne Wetter genutzt und sind mit dem Rad nach Rathen in die Bastei oder doch zur Bastei [&hellip;]<\/p>\n","protected":false},"author":1,"featured_media":4520,"comment_status":"closed","ping_status":"open","sticky":false,"template":"","format":"standard","meta":{"ngg_post_thumbnail":0,"_jetpack_memberships_contains_paid_content":false,"footnotes":""},"categories":[6,8],"tags":[],"class_list":["post-4487","post","type-post","status-publish","format-standard","has-post-thumbnail","hentry","category-landschaft","category-reisen"],"jetpack_featured_media_url":"http:\/\/www.dk-fotos.de\/blog\/wp-content\/uploads\/2020\/08\/nggallery_import\/2007deko_116-Pano-2.jpg","jetpack_sharing_enabled":true,"_links":{"self":[{"href":"http:\/\/www.dk-fotos.de\/blog\/wp-json\/wp\/v2\/posts\/4487","targetHints":{"allow":["GET"]}}],"collection":[{"href":"http:\/\/www.dk-fotos.de\/blog\/wp-json\/wp\/v2\/posts"}],"about":[{"href":"http:\/\/www.dk-fotos.de\/blog\/wp-json\/wp\/v2\/types\/post"}],"author":[{"embeddable":true,"href":"http:\/\/www.dk-fotos.de\/blog\/wp-json\/wp\/v2\/users\/1"}],"replies":[{"embeddable":true,"href":"http:\/\/www.dk-fotos.de\/blog\/wp-json\/wp\/v2\/comments?post=4487"}],"version-history":[{"count":1,"href":"http:\/\/www.dk-fotos.de\/blog\/wp-json\/wp\/v2\/posts\/4487\/revisions"}],"predecessor-version":[{"id":4519,"href":"http:\/\/www.dk-fotos.de\/blog\/wp-json\/wp\/v2\/posts\/4487\/revisions\/4519"}],"wp:featuredmedia":[{"embeddable":true,"href":"http:\/\/www.dk-fotos.de\/blog\/wp-json\/wp\/v2\/media\/4520"}],"wp:attachment":[{"href":"http:\/\/www.dk-fotos.de\/blog\/wp-json\/wp\/v2\/media?parent=4487"}],"wp:term":[{"taxonomy":"category","embeddable":true,"href":"http:\/\/www.dk-fotos.de\/blog\/wp-json\/wp\/v2\/categories?post=4487"},{"taxonomy":"post_tag","embeddable":true,"href":"http:\/\/www.dk-fotos.de\/blog\/wp-json\/wp\/v2\/tags?post=4487"}],"curies":[{"name":"wp","href":"https:\/\/api.w.org\/{rel}","templated":true}]}}