{"id":4206,"date":"2019-07-29T22:43:36","date_gmt":"2019-07-29T20:43:36","guid":{"rendered":"http:\/\/www.dk-fotos.de\/blog\/?p=4206"},"modified":"2019-07-29T22:43:36","modified_gmt":"2019-07-29T20:43:36","slug":"kurzausflug-an-den-goitzschesee","status":"publish","type":"post","link":"http:\/\/www.dk-fotos.de\/blog\/kurzausflug-an-den-goitzschesee\/","title":{"rendered":"Kurzausflug an den Goitzschesee ;-)"},"content":{"rendered":"\n<p>Am Samstag den 27.07.19 war eine Radtour um den <a rel=\"noreferrer noopener\" aria-label=\"Goitzschesee (\u00f6ffnet in neuem Tab)\" href=\"https:\/\/de.wikipedia.org\/wiki\/Gro%C3%9Fer_Goitzschesee\" target=\"_blank\">Goitzschesee<\/a> geplant.<br>Das Wetter hat gepasst und war ideal f\u00fcr eine Radtour. Ein leichter Wind wehte, daher war die W\u00e4rme ertr\u00e4glich.<br>An der Goitzsche angekommen wurden die &#8222;Pferdchen&#8220; gesattelt und los gings. Hier l\u00e4\u00dft es sich wunderbar mit dem Rad fahren da die Wege super ausgebaut sind. Immer sch\u00f6n an der Bernsteinpromenade entlang.<br>Am Pegelturm wurde erstmal halt gemacht und hoch ging es mit einer wunderbaren Sicht \u00fcber den See und das Umland. Nach einer kurzen Pause ging es weiter, leider hat mich mein &#8222;Gaul&#8220; nach ca 5 km im Stich gelassen. Hier ist das hintere &#8222;Eisen&#8220; gebrochen sprich Achsenbruch \ud83d\ude41<br>Also hie\u00df es umkehren und den Weg zur\u00fcckschieben. Somit hatte es auch etwas gutes h\u00e4lfte Rad fahren, H\u00e4lfte laufen \ud83d\ude09<br>Das &#8222;Pferdchen&#8220; ist jetzt beim Schmied und bekommt nen neuen Huf. Demn\u00e4chst steht eine erneute Tour an, nat\u00fcrlich um den ganzen See \ud83d\ude42<br> ngg_shortcode_0_placeholder <\/p>\n","protected":false},"excerpt":{"rendered":"<p>Am Samstag den 27.07.19 war eine Radtour um den Goitzschesee geplant.Das Wetter hat gepasst und war ideal f\u00fcr eine Radtour. Ein leichter Wind wehte, daher war die W\u00e4rme ertr\u00e4glich.An der Goitzsche angekommen wurden die &#8222;Pferdchen&#8220; gesattelt und los gings. Hier l\u00e4\u00dft es sich wunderbar mit dem Rad fahren da die Wege super ausgebaut sind. Immer [&hellip;]<\/p>\n","protected":false},"author":1,"featured_media":4234,"comment_status":"closed","ping_status":"open","sticky":false,"template":"","format":"standard","meta":{"ngg_post_thumbnail":1781,"_jetpack_memberships_contains_paid_content":false,"footnotes":""},"categories":[6,8],"tags":[],"class_list":["post-4206","post","type-post","status-publish","format-standard","has-post-thumbnail","hentry","category-landschaft","category-reisen"],"jetpack_featured_media_url":"http:\/\/www.dk-fotos.de\/blog\/wp-content\/uploads\/2019\/07\/190727deko6504.jpg","jetpack_sharing_enabled":true,"_links":{"self":[{"href":"http:\/\/www.dk-fotos.de\/blog\/wp-json\/wp\/v2\/posts\/4206","targetHints":{"allow":["GET"]}}],"collection":[{"href":"http:\/\/www.dk-fotos.de\/blog\/wp-json\/wp\/v2\/posts"}],"about":[{"href":"http:\/\/www.dk-fotos.de\/blog\/wp-json\/wp\/v2\/types\/post"}],"author":[{"embeddable":true,"href":"http:\/\/www.dk-fotos.de\/blog\/wp-json\/wp\/v2\/users\/1"}],"replies":[{"embeddable":true,"href":"http:\/\/www.dk-fotos.de\/blog\/wp-json\/wp\/v2\/comments?post=4206"}],"version-history":[{"count":4,"href":"http:\/\/www.dk-fotos.de\/blog\/wp-json\/wp\/v2\/posts\/4206\/revisions"}],"predecessor-version":[{"id":4233,"href":"http:\/\/www.dk-fotos.de\/blog\/wp-json\/wp\/v2\/posts\/4206\/revisions\/4233"}],"wp:featuredmedia":[{"embeddable":true,"href":"http:\/\/www.dk-fotos.de\/blog\/wp-json\/wp\/v2\/media\/4234"}],"wp:attachment":[{"href":"http:\/\/www.dk-fotos.de\/blog\/wp-json\/wp\/v2\/media?parent=4206"}],"wp:term":[{"taxonomy":"category","embeddable":true,"href":"http:\/\/www.dk-fotos.de\/blog\/wp-json\/wp\/v2\/categories?post=4206"},{"taxonomy":"post_tag","embeddable":true,"href":"http:\/\/www.dk-fotos.de\/blog\/wp-json\/wp\/v2\/tags?post=4206"}],"curies":[{"name":"wp","href":"https:\/\/api.w.org\/{rel}","templated":true}]}}