{"id":4080,"date":"2019-06-01T21:42:56","date_gmt":"2019-06-01T19:42:56","guid":{"rendered":"http:\/\/www.dk-fotos.de\/blog\/?p=4080"},"modified":"2019-06-01T21:42:56","modified_gmt":"2019-06-01T19:42:56","slug":"ausflug-zum-woerlitzer-park","status":"publish","type":"post","link":"http:\/\/www.dk-fotos.de\/blog\/ausflug-zum-woerlitzer-park\/","title":{"rendered":"Ausflug zum W\u00f6rlitzer Park"},"content":{"rendered":"\n<p>Im Landkreis Wittenberg gibt es einen Landschaftsgarten, den W\u00f6rlitzer Park oder auch W\u00f6rlitzer Anlagen genannt.<br>Er geh\u00f6rt zum Netzwerk Gartentr\u00e4ume Sachsen-Anhalt und wurde am W\u00f6rlitzer See, einem Seitenarm der Elbe angelegt. Er grenzt unmittelbar an die Stadt W\u00f6rlitz und erstreckt sich \u00fcber eine Fl\u00e4che von 112,5 Hektar.<br>Der Park hat j\u00e4hrlich \u00fcber eine Million Besucher. <br><br>ngg_shortcode_0_placeholder  <\/p>\n","protected":false},"excerpt":{"rendered":"<p>Im Landkreis Wittenberg gibt es einen Landschaftsgarten, den W\u00f6rlitzer Park oder auch W\u00f6rlitzer Anlagen genannt.Er geh\u00f6rt zum Netzwerk Gartentr\u00e4ume Sachsen-Anhalt und wurde am W\u00f6rlitzer See, einem Seitenarm der Elbe angelegt. Er grenzt unmittelbar an die Stadt W\u00f6rlitz und erstreckt sich \u00fcber eine Fl\u00e4che von 112,5 Hektar.Der Park hat j\u00e4hrlich \u00fcber eine Million Besucher.<\/p>\n","protected":false},"author":1,"featured_media":4107,"comment_status":"closed","ping_status":"open","sticky":false,"template":"","format":"standard","meta":{"ngg_post_thumbnail":1729,"_jetpack_memberships_contains_paid_content":false,"footnotes":""},"categories":[7,6],"tags":[],"class_list":["post-4080","post","type-post","status-publish","format-standard","has-post-thumbnail","hentry","category-architektur","category-landschaft"],"jetpack_featured_media_url":"http:\/\/www.dk-fotos.de\/blog\/wp-content\/uploads\/2019\/06\/190530deko5855.jpg","jetpack_sharing_enabled":true,"_links":{"self":[{"href":"http:\/\/www.dk-fotos.de\/blog\/wp-json\/wp\/v2\/posts\/4080","targetHints":{"allow":["GET"]}}],"collection":[{"href":"http:\/\/www.dk-fotos.de\/blog\/wp-json\/wp\/v2\/posts"}],"about":[{"href":"http:\/\/www.dk-fotos.de\/blog\/wp-json\/wp\/v2\/types\/post"}],"author":[{"embeddable":true,"href":"http:\/\/www.dk-fotos.de\/blog\/wp-json\/wp\/v2\/users\/1"}],"replies":[{"embeddable":true,"href":"http:\/\/www.dk-fotos.de\/blog\/wp-json\/wp\/v2\/comments?post=4080"}],"version-history":[{"count":2,"href":"http:\/\/www.dk-fotos.de\/blog\/wp-json\/wp\/v2\/posts\/4080\/revisions"}],"predecessor-version":[{"id":4172,"href":"http:\/\/www.dk-fotos.de\/blog\/wp-json\/wp\/v2\/posts\/4080\/revisions\/4172"}],"wp:featuredmedia":[{"embeddable":true,"href":"http:\/\/www.dk-fotos.de\/blog\/wp-json\/wp\/v2\/media\/4107"}],"wp:attachment":[{"href":"http:\/\/www.dk-fotos.de\/blog\/wp-json\/wp\/v2\/media?parent=4080"}],"wp:term":[{"taxonomy":"category","embeddable":true,"href":"http:\/\/www.dk-fotos.de\/blog\/wp-json\/wp\/v2\/categories?post=4080"},{"taxonomy":"post_tag","embeddable":true,"href":"http:\/\/www.dk-fotos.de\/blog\/wp-json\/wp\/v2\/tags?post=4080"}],"curies":[{"name":"wp","href":"https:\/\/api.w.org\/{rel}","templated":true}]}}