{"id":3755,"date":"2017-11-08T17:40:34","date_gmt":"2017-11-08T15:40:34","guid":{"rendered":"http:\/\/www.dk-fotos.de\/blog\/?p=3755"},"modified":"2017-11-08T17:41:23","modified_gmt":"2017-11-08T15:41:23","slug":"brockenrundflug","status":"publish","type":"post","link":"http:\/\/www.dk-fotos.de\/blog\/brockenrundflug\/","title":{"rendered":"Brockenrundflug"},"content":{"rendered":"<p><span style=\"font-family: Arial, sans-serif;\"><span style=\"font-size: small;\">Die sch\u00f6ne Herbstzeit muss noch genutzt werden. Also raus und ab in die Luft mit dem Falken, genauer gesagt <\/span><\/span><span style=\"color: #000000;\"><span style=\"font-family: Arial, sans-serif;\"><span style=\"font-size: small;\">Scheibe SF-25C Falke<\/span><\/span><\/span> <span style=\"color: #000000;\"><span style=\"font-family: Arial, sans-serif;\"><span style=\"font-size: small;\">vom<br \/>\n<\/span><\/span><\/span><a href=\"https:\/\/www.segelfliegerklub.de\/\" target=\"_blank\" rel=\"noopener\"><span style=\"color: #000000;\"><span style=\"font-family: Arial, sans-serif;\"><span style=\"font-size: small;\"><span lang=\"zxx\">Segelfliegerklub Magdeburg e.V.<\/span><\/span><\/span><\/span><\/a><span style=\"color: #000000;\"><span style=\"font-family: Arial, sans-serif;\"><span style=\"font-size: small;\"> .<br \/>\nLos gings vom Flugplatz Magdeburg (EDBM) bei bestem Wetter mit sch\u00f6nen Wolken \u00fcber das B\u00f6rdeland zurm Harz Richtung Brocken.<br \/>\nUnd dann kam er in Sicht der Brocken, eingeh\u00fcllt in Wolken. Aber da ein Wolkenloch die Chance f\u00fcrs Foto, hat gepasst und wieder zur\u00fcck Richtung Magdeburg.<br \/>\nDer R\u00fcckflug war auch wieder sehr entspannt ruhig und dann war auch der Flugplatz Magdeburg (EDBM) schon in Sicht. Langsam gings in den Landeanflug und der Falke setzte Butterweich auf \ud83d\ude09<br \/>\nDanke auch nochmal an meinen Piloten \u201eFutschi\u201c<\/span><\/span><\/span><\/p>\nngg_shortcode_0_placeholder\n","protected":false},"excerpt":{"rendered":"<p>Die sch\u00f6ne Herbstzeit muss noch genutzt werden. Also raus und ab in die Luft mit dem Falken, genauer gesagt Scheibe SF-25C Falke vom Segelfliegerklub Magdeburg e.V. . Los gings vom Flugplatz Magdeburg (EDBM) bei bestem Wetter mit sch\u00f6nen Wolken \u00fcber das B\u00f6rdeland zurm Harz Richtung Brocken. Und dann kam er in Sicht der Brocken, eingeh\u00fcllt [&hellip;]<\/p>\n","protected":false},"author":1,"featured_media":3758,"comment_status":"open","ping_status":"open","sticky":false,"template":"","format":"standard","meta":{"ngg_post_thumbnail":0,"_jetpack_memberships_contains_paid_content":false,"footnotes":""},"categories":[6,52],"tags":[],"class_list":["post-3755","post","type-post","status-publish","format-standard","has-post-thumbnail","hentry","category-landschaft","category-luftfahrt"],"jetpack_featured_media_url":"http:\/\/www.dk-fotos.de\/blog\/wp-content\/uploads\/ngg_featured\/IMG_9825.jpg","jetpack_sharing_enabled":true,"_links":{"self":[{"href":"http:\/\/www.dk-fotos.de\/blog\/wp-json\/wp\/v2\/posts\/3755","targetHints":{"allow":["GET"]}}],"collection":[{"href":"http:\/\/www.dk-fotos.de\/blog\/wp-json\/wp\/v2\/posts"}],"about":[{"href":"http:\/\/www.dk-fotos.de\/blog\/wp-json\/wp\/v2\/types\/post"}],"author":[{"embeddable":true,"href":"http:\/\/www.dk-fotos.de\/blog\/wp-json\/wp\/v2\/users\/1"}],"replies":[{"embeddable":true,"href":"http:\/\/www.dk-fotos.de\/blog\/wp-json\/wp\/v2\/comments?post=3755"}],"version-history":[{"count":6,"href":"http:\/\/www.dk-fotos.de\/blog\/wp-json\/wp\/v2\/posts\/3755\/revisions"}],"predecessor-version":[{"id":3766,"href":"http:\/\/www.dk-fotos.de\/blog\/wp-json\/wp\/v2\/posts\/3755\/revisions\/3766"}],"wp:featuredmedia":[{"embeddable":true,"href":"http:\/\/www.dk-fotos.de\/blog\/wp-json\/wp\/v2\/media\/3758"}],"wp:attachment":[{"href":"http:\/\/www.dk-fotos.de\/blog\/wp-json\/wp\/v2\/media?parent=3755"}],"wp:term":[{"taxonomy":"category","embeddable":true,"href":"http:\/\/www.dk-fotos.de\/blog\/wp-json\/wp\/v2\/categories?post=3755"},{"taxonomy":"post_tag","embeddable":true,"href":"http:\/\/www.dk-fotos.de\/blog\/wp-json\/wp\/v2\/tags?post=3755"}],"curies":[{"name":"wp","href":"https:\/\/api.w.org\/{rel}","templated":true}]}}