{"id":3576,"date":"2017-10-23T17:42:44","date_gmt":"2017-10-23T15:42:44","guid":{"rendered":"http:\/\/www.dk-fotos.de\/blog\/?p=3576"},"modified":"2017-10-23T17:55:52","modified_gmt":"2017-10-23T15:55:52","slug":"gedenkstaette-marienborn","status":"publish","type":"post","link":"http:\/\/www.dk-fotos.de\/blog\/gedenkstaette-marienborn\/","title":{"rendered":"Gedenkst\u00e4tte Marienborn"},"content":{"rendered":"<p><span style=\"font-family: Arial, sans-serif;\"><span style=\"font-size: small;\"><span style=\"color: #191919;\"><span lang=\"de-DE\">Ein Besuch der sich immer Lohnt ist die <\/span><\/span><span style=\"color: #000000;\"><span lang=\"de-DE\">Gedenkst\u00e4tte<\/span><\/span><span style=\"color: #191919;\"><span lang=\"de-DE\"><a href=\"http:\/\/www.zeitorte.de\/die-zeitorte\/gegenwart-zukunft\/gedenkstaette-deutsche-teilung-marienborn.html\" target=\"_blank\" rel=\"noopener\"> Deutsche Teilung Marienborn<\/a> oder auch der <\/span><\/span><span style=\"color: #000000;\"><span lang=\"de-DE\"><a href=\"https:\/\/de.wikipedia.org\/wiki\/Grenz%C3%BCbergang_Helmstedt\/Marienborn\" target=\"_blank\" rel=\"noopener\">Grenz\u00fcbergang Helmstedt\/Marienborn<\/a>.<\/span><\/span><span style=\"color: #191919;\"><span lang=\"de-DE\"> Diese wurde a<\/span><\/span><span style=\"color: #39393b;\"><span lang=\"de-DE\">m 13. August 1996 als Gedenkst\u00e4tte er\u00f6ffnet. Die Gedenkst\u00e4tte ist auch als ein Ort historisch-politischer Bildung anzusehen. Besucher k\u00f6nnen selbst\u00e4ndig die Anlage erkunden und sich \u00fcber Multimediastationen zus\u00e4tzlich informieren. Nach Anmeldung werden auch F\u00fchrungen durchgef\u00fchrt.<\/span><\/span> <\/span><\/span><\/p>\n<p><span style=\"font-family: Arial, sans-serif;\"><span style=\"font-size: small;\">ngg_shortcode_0_placeholder<\/span><\/span><\/p>\n","protected":false},"excerpt":{"rendered":"<p>Ein Besuch der sich immer Lohnt ist die Gedenkst\u00e4tte Deutsche Teilung Marienborn oder auch der Grenz\u00fcbergang Helmstedt\/Marienborn. Diese wurde am 13. August 1996 als Gedenkst\u00e4tte er\u00f6ffnet. Die Gedenkst\u00e4tte ist auch als ein Ort historisch-politischer Bildung anzusehen. Besucher k\u00f6nnen selbst\u00e4ndig die Anlage erkunden und sich \u00fcber Multimediastationen zus\u00e4tzlich informieren. Nach Anmeldung werden auch F\u00fchrungen durchgef\u00fchrt.<\/p>\n","protected":false},"author":1,"featured_media":3693,"comment_status":"open","ping_status":"open","sticky":false,"template":"","format":"standard","meta":{"ngg_post_thumbnail":0,"_jetpack_memberships_contains_paid_content":false,"footnotes":""},"categories":[7,73],"tags":[],"class_list":["post-3576","post","type-post","status-publish","format-standard","has-post-thumbnail","hentry","category-architektur","category-lostplace"],"jetpack_featured_media_url":"http:\/\/www.dk-fotos.de\/blog\/wp-content\/uploads\/ngg_featured\/IMG_9566.jpg","jetpack_sharing_enabled":true,"_links":{"self":[{"href":"http:\/\/www.dk-fotos.de\/blog\/wp-json\/wp\/v2\/posts\/3576","targetHints":{"allow":["GET"]}}],"collection":[{"href":"http:\/\/www.dk-fotos.de\/blog\/wp-json\/wp\/v2\/posts"}],"about":[{"href":"http:\/\/www.dk-fotos.de\/blog\/wp-json\/wp\/v2\/types\/post"}],"author":[{"embeddable":true,"href":"http:\/\/www.dk-fotos.de\/blog\/wp-json\/wp\/v2\/users\/1"}],"replies":[{"embeddable":true,"href":"http:\/\/www.dk-fotos.de\/blog\/wp-json\/wp\/v2\/comments?post=3576"}],"version-history":[{"count":8,"href":"http:\/\/www.dk-fotos.de\/blog\/wp-json\/wp\/v2\/posts\/3576\/revisions"}],"predecessor-version":[{"id":3701,"href":"http:\/\/www.dk-fotos.de\/blog\/wp-json\/wp\/v2\/posts\/3576\/revisions\/3701"}],"wp:featuredmedia":[{"embeddable":true,"href":"http:\/\/www.dk-fotos.de\/blog\/wp-json\/wp\/v2\/media\/3693"}],"wp:attachment":[{"href":"http:\/\/www.dk-fotos.de\/blog\/wp-json\/wp\/v2\/media?parent=3576"}],"wp:term":[{"taxonomy":"category","embeddable":true,"href":"http:\/\/www.dk-fotos.de\/blog\/wp-json\/wp\/v2\/categories?post=3576"},{"taxonomy":"post_tag","embeddable":true,"href":"http:\/\/www.dk-fotos.de\/blog\/wp-json\/wp\/v2\/tags?post=3576"}],"curies":[{"name":"wp","href":"https:\/\/api.w.org\/{rel}","templated":true}]}}