{"id":3201,"date":"2016-08-29T22:24:27","date_gmt":"2016-08-29T20:24:27","guid":{"rendered":"http:\/\/www.dk-fotos.de\/blog\/?p=3201"},"modified":"2016-08-29T22:24:27","modified_gmt":"2016-08-29T20:24:27","slug":"abendliche-brockentour","status":"publish","type":"post","link":"http:\/\/www.dk-fotos.de\/blog\/abendliche-brockentour\/","title":{"rendered":"Abendliche Brockentour"},"content":{"rendered":"<p><span style=\"font-family: Arial, sans-serif;\"><span style=\"font-size: small;\"><span style=\"color: #222222;\">B<\/span><span style=\"color: #222222;\">ei bestem Wetter <\/span><span style=\"color: #222222;\">s<\/span><span style=\"color: #222222;\">tarteten wir unsere geplante Brockentour. Unser Ziel war es gewesen einen Sonnenuntergang auf dem <a href=\"https:\/\/de.wikipedia.org\/wiki\/Brocken\" target=\"_blank\">Brocken<\/a> zu erleben und zu fotografieren. Normalerweise wandern wir zum Brocken hoch, aber diesmal sind wir entspannt mit der historischen <a href=\"http:\/\/www.hsb-wr.de\/mehr-erfahren\/streckennetz\/brockenbahn\/\" target=\"_blank\">Brockenbahn<\/a> hochgefahren.<br \/>\nDie Brockenfahrt von <a href=\"http:\/\/www.schierke-am-brocken.de\/\" target=\"_blank\">Schierke<\/a> dauerte ca. 30 min. Nach einer entspannten Fahrt wurden wir mit einem wunderbaren Ausblick \u00fcber den gesamten Harz belohnt. Zus\u00e4tzlich wurden wir von einen der drei F\u00fcchsen die dort oben wie die Made im Speck leben willkommen gehei\u00dfen. Nachdem <\/span><span style=\"color: #222222;\">wir<\/span><span style=\"color: #222222;\"> die ersten Fotos geschossen <\/span><span style=\"color: #222222;\">hatten,<\/span><span style=\"color: #222222;\"> haben wir uns ein gesch\u00fctztes Pl\u00e4tzchen gesucht und ausgiebig eine Brotzeit genommen. Nach einer einst\u00fcndigen Pause wurden weitere Fotos <\/span><span style=\"color: #222222;\">von<\/span><span style=\"color: #222222;\"> dem langersehnten Sonnenuntergang geschossen und wir genossen jede Sekunde wie der Himmel sich verf\u00e4rbte.<br \/>\n<\/span><span style=\"color: #222222;\">Nachdem<\/span><span style=\"color: #222222;\"> die Sonne vollst\u00e4ndig <\/span><span style=\"color: #222222;\">untergegangen war<\/span><span style=\"color: #222222;\"> kam <\/span><span style=\"color: #222222;\">es <\/span><span style=\"color: #222222;\">zur blauen Stunde die uns auch eine sehr sch\u00f6ne Stimmung und Motive bescherte. Nach der blauen Stunde folgte die Dunkelheit und wir haben einen pr\u00e4chtigen Sternenhimmel zu Gesicht bekommen. Nachdem <\/span><span style=\"color: #222222;\">die Fotos<\/span><span style=\"color: #222222;\"> im Kasten war<\/span><span style=\"color: #222222;\">en<\/span><span style=\"color: #222222;\">, bereiteten wir uns gegen 22.30 <\/span><span style=\"color: #222222;\">Uhr <\/span><span style=\"color: #222222;\">auf den Abstieg vor.<br \/>\nNach knapp 1,5 Stunden erreichten wir den Ort Schierke und traten unsere Heimreise nach Magdeburg an. Es war eine super Aktion mit tollen Eindr\u00fccken und gelungenen Fotos.<br \/>\nEine Brockentour dieser Art ist ein tolles Erlebnis und immer wieder eine Reise wert.<\/p>\n<p>ngg_shortcode_0_placeholder<\/span> <\/span><\/span><\/p>\n","protected":false},"excerpt":{"rendered":"<p>Bei bestem Wetter starteten wir unsere geplante Brockentour. Unser Ziel war es gewesen einen Sonnenuntergang auf dem Brocken zu erleben und zu fotografieren. Normalerweise wandern wir zum Brocken hoch, aber diesmal sind wir entspannt mit der historischen Brockenbahn hochgefahren. Die Brockenfahrt von Schierke dauerte ca. 30 min. Nach einer entspannten Fahrt wurden wir mit einem [&hellip;]<\/p>\n","protected":false},"author":1,"featured_media":3301,"comment_status":"open","ping_status":"open","sticky":false,"template":"","format":"standard","meta":{"ngg_post_thumbnail":0,"_jetpack_memberships_contains_paid_content":false,"footnotes":""},"categories":[6,8],"tags":[],"class_list":["post-3201","post","type-post","status-publish","format-standard","has-post-thumbnail","hentry","category-landschaft","category-reisen"],"jetpack_featured_media_url":"http:\/\/www.dk-fotos.de\/blog\/wp-content\/uploads\/ngg_featured\/160816_deko9680.jpg","jetpack_sharing_enabled":true,"_links":{"self":[{"href":"http:\/\/www.dk-fotos.de\/blog\/wp-json\/wp\/v2\/posts\/3201","targetHints":{"allow":["GET"]}}],"collection":[{"href":"http:\/\/www.dk-fotos.de\/blog\/wp-json\/wp\/v2\/posts"}],"about":[{"href":"http:\/\/www.dk-fotos.de\/blog\/wp-json\/wp\/v2\/types\/post"}],"author":[{"embeddable":true,"href":"http:\/\/www.dk-fotos.de\/blog\/wp-json\/wp\/v2\/users\/1"}],"replies":[{"embeddable":true,"href":"http:\/\/www.dk-fotos.de\/blog\/wp-json\/wp\/v2\/comments?post=3201"}],"version-history":[{"count":1,"href":"http:\/\/www.dk-fotos.de\/blog\/wp-json\/wp\/v2\/posts\/3201\/revisions"}],"predecessor-version":[{"id":3300,"href":"http:\/\/www.dk-fotos.de\/blog\/wp-json\/wp\/v2\/posts\/3201\/revisions\/3300"}],"wp:featuredmedia":[{"embeddable":true,"href":"http:\/\/www.dk-fotos.de\/blog\/wp-json\/wp\/v2\/media\/3301"}],"wp:attachment":[{"href":"http:\/\/www.dk-fotos.de\/blog\/wp-json\/wp\/v2\/media?parent=3201"}],"wp:term":[{"taxonomy":"category","embeddable":true,"href":"http:\/\/www.dk-fotos.de\/blog\/wp-json\/wp\/v2\/categories?post=3201"},{"taxonomy":"post_tag","embeddable":true,"href":"http:\/\/www.dk-fotos.de\/blog\/wp-json\/wp\/v2\/tags?post=3201"}],"curies":[{"name":"wp","href":"https:\/\/api.w.org\/{rel}","templated":true}]}}