{"id":2904,"date":"2016-05-16T17:42:40","date_gmt":"2016-05-16T15:42:40","guid":{"rendered":"http:\/\/www.dk-fotos.de\/blog\/?p=2904"},"modified":"2016-06-19T20:57:19","modified_gmt":"2016-06-19T18:57:19","slug":"kurztrip-mit-der-aidaluna","status":"publish","type":"post","link":"http:\/\/www.dk-fotos.de\/blog\/kurztrip-mit-der-aidaluna\/","title":{"rendered":"Kurztrip mit der AIDAluna"},"content":{"rendered":"<p><span style=\"color: #000000;\"><span style=\"font-family: Arial, sans-serif;\"><span style=\"font-size: small;\">Auch die sch\u00f6nste Kurzreise hat ein Ende. Wir waren mal kurz weg mit der <a href=\"https:\/\/www.aida.de\/kreuzfahrt\/schiffe\/aidaluna.18759.html\" target=\"_blank\">AIDAluna<\/a> von Kiel \u00fcber G\u00f6teborg nach Kopenhagen und zur\u00fcck nach Kiel.<br \/>\nAlso vor uns lagen mal wieder\u00a0vier traumhafte Urlaubstage mit attraktiven Reisezielen, leckerem Essen und jede Menge Unterhaltung.<br \/>\nEs war wieder eine sehr sch\u00f6ne Tour, wenn auch diesmal nicht so lang. Weitere Bilder und Eindr\u00fccke von der\u00a0Abfahrt und Seetag <a href=\"http:\/\/www.dk-fotos.de\/blog\/?p=2913&amp;preview=true\" target=\"_blank\">hier<\/a>.<br \/>\nWeitere Fotos zur Ankunft und ein Tag in G\u00f6teborg gibs <a href=\"http:\/\/www.dk-fotos.de\/blog\/2016\/06\/aidaluna-teil-ii\/ \u200e\" target=\"_blank\">hier<\/a>.<\/span><\/span><\/span><\/p>\n<p>Hier noch ein paar Schiffsdaten und technische Daten.<\/p>\n<p align=\"left\"><span style=\"color: #000000;\"><span style=\"font-family: Arial, sans-serif;\"><span style=\"font-size: small;\">Schiffsl\u00e4nge: 251,89 m<br \/>\n<\/span><\/span><\/span><span style=\"color: #000000;\"><span style=\"font-family: Arial, sans-serif;\"><span style=\"font-size: small;\">Schiffbreite: 32,2 m<br \/>\n<\/span><\/span><\/span><span style=\"font-size: small; font-family: Arial, sans-serif;\">Vermessung: 69.203 GT<br \/>\n<\/span><span style=\"color: #000000;\"><span style=\"font-family: Arial, sans-serif;\"><span style=\"font-size: small;\">Tiefgang: 7,3 m<br \/>\n<\/span><\/span><\/span><span style=\"color: #000000;\"><span style=\"font-family: Arial, sans-serif;\"><span style=\"font-size: small;\">Anzahl Decks: 13<br \/>\n<\/span><\/span><\/span><span style=\"color: #000000;\"><span style=\"font-family: Arial, sans-serif;\"><span style=\"font-size: small;\">Antrieb: Diesel elektrisch<br \/>\n<\/span><\/span><\/span><span style=\"color: #000000;\"><span style=\"font-family: Arial, sans-serif;\"><span style=\"font-size: small;\">Elektrische Leistung: 36.000 kW<\/span><\/span><\/span><\/p>\n<p align=\"left\"><img loading=\"lazy\" decoding=\"async\" class=\"aligncenter size-full wp-image-2905\" src=\"http:\/\/www.dk-fotos.de\/blog\/wp-content\/uploads\/2016\/05\/1605_AIDALuna_0352.jpg\" alt=\"AIDALuna\" width=\"1200\" height=\"707\" srcset=\"http:\/\/www.dk-fotos.de\/blog\/wp-content\/uploads\/2016\/05\/1605_AIDALuna_0352.jpg 1200w, http:\/\/www.dk-fotos.de\/blog\/wp-content\/uploads\/2016\/05\/1605_AIDALuna_0352-300x177.jpg 300w, http:\/\/www.dk-fotos.de\/blog\/wp-content\/uploads\/2016\/05\/1605_AIDALuna_0352-768x452.jpg 768w, http:\/\/www.dk-fotos.de\/blog\/wp-content\/uploads\/2016\/05\/1605_AIDALuna_0352-1024x603.jpg 1024w, http:\/\/www.dk-fotos.de\/blog\/wp-content\/uploads\/2016\/05\/1605_AIDALuna_0352-956x563.jpg 956w\" sizes=\"auto, (max-width: 1200px) 100vw, 1200px\" \/><\/p>\n","protected":false},"excerpt":{"rendered":"<p>Auch die sch\u00f6nste Kurzreise hat ein Ende. Wir waren mal kurz weg mit der AIDAluna von Kiel \u00fcber G\u00f6teborg nach Kopenhagen und zur\u00fcck nach Kiel. Also vor uns lagen mal wieder\u00a0vier traumhafte Urlaubstage mit attraktiven Reisezielen, leckerem Essen und jede Menge Unterhaltung. Es war wieder eine sehr sch\u00f6ne Tour, wenn auch diesmal nicht so lang. [&hellip;]<\/p>\n","protected":false},"author":1,"featured_media":2905,"comment_status":"open","ping_status":"open","sticky":false,"template":"","format":"standard","meta":{"ngg_post_thumbnail":0,"_jetpack_memberships_contains_paid_content":false,"footnotes":""},"categories":[8,9],"tags":[],"class_list":["post-2904","post","type-post","status-publish","format-standard","has-post-thumbnail","hentry","category-reisen","category-technik"],"jetpack_featured_media_url":"http:\/\/www.dk-fotos.de\/blog\/wp-content\/uploads\/2016\/05\/1605_AIDALuna_0352.jpg","jetpack_sharing_enabled":true,"_links":{"self":[{"href":"http:\/\/www.dk-fotos.de\/blog\/wp-json\/wp\/v2\/posts\/2904","targetHints":{"allow":["GET"]}}],"collection":[{"href":"http:\/\/www.dk-fotos.de\/blog\/wp-json\/wp\/v2\/posts"}],"about":[{"href":"http:\/\/www.dk-fotos.de\/blog\/wp-json\/wp\/v2\/types\/post"}],"author":[{"embeddable":true,"href":"http:\/\/www.dk-fotos.de\/blog\/wp-json\/wp\/v2\/users\/1"}],"replies":[{"embeddable":true,"href":"http:\/\/www.dk-fotos.de\/blog\/wp-json\/wp\/v2\/comments?post=2904"}],"version-history":[{"count":8,"href":"http:\/\/www.dk-fotos.de\/blog\/wp-json\/wp\/v2\/posts\/2904\/revisions"}],"predecessor-version":[{"id":3146,"href":"http:\/\/www.dk-fotos.de\/blog\/wp-json\/wp\/v2\/posts\/2904\/revisions\/3146"}],"wp:featuredmedia":[{"embeddable":true,"href":"http:\/\/www.dk-fotos.de\/blog\/wp-json\/wp\/v2\/media\/2905"}],"wp:attachment":[{"href":"http:\/\/www.dk-fotos.de\/blog\/wp-json\/wp\/v2\/media?parent=2904"}],"wp:term":[{"taxonomy":"category","embeddable":true,"href":"http:\/\/www.dk-fotos.de\/blog\/wp-json\/wp\/v2\/categories?post=2904"},{"taxonomy":"post_tag","embeddable":true,"href":"http:\/\/www.dk-fotos.de\/blog\/wp-json\/wp\/v2\/tags?post=2904"}],"curies":[{"name":"wp","href":"https:\/\/api.w.org\/{rel}","templated":true}]}}