{"id":2870,"date":"2016-05-16T16:44:16","date_gmt":"2016-05-16T14:44:16","guid":{"rendered":"http:\/\/www.dk-fotos.de\/blog\/?p=2870"},"modified":"2016-05-16T16:56:00","modified_gmt":"2016-05-16T14:56:00","slug":"flugplatzfest-in-ballenstedt","status":"publish","type":"post","link":"http:\/\/www.dk-fotos.de\/blog\/flugplatzfest-in-ballenstedt\/","title":{"rendered":"Flugplatzfest in Ballenstedt"},"content":{"rendered":"<p>Noch ein kleiner Nachtrag zum traditionellen Flugplatzfest am Verkehrslandeplatz Ballenstedt\/Quedlinburg.<br \/>\nDort\u00a0hatten\u00a0die Vereine der Motor- und Segelflieger auch in diesem Jahr zu Himmelfahrt am 29. Mai alle Fans von Loopings, Turns und Rollen in den L\u00fcften eingeladen.<br \/>\nBereits zum 22. Mal zeigten die Piloten ihre aufregenden Flugk\u00fcnste und gestalteten ein vielseitiges Programm f\u00fcr die ganze Familie.<br \/>\nNeben den Flugvorf\u00fchrungen wurden ganzt\u00e4gig Rundfl\u00fcge \u00fcber den Harz und die Umgebung mit Motorflugzeugen, Hubschraubern, Motorseglern, Ultraleichtflugzeugen und Segelflugzeugen angeboten.<\/p>\nngg_shortcode_0_placeholder\n<p>&nbsp;<\/p>\n","protected":false},"excerpt":{"rendered":"<p>Noch ein kleiner Nachtrag zum traditionellen Flugplatzfest am Verkehrslandeplatz Ballenstedt\/Quedlinburg. Dort\u00a0hatten\u00a0die Vereine der Motor- und Segelflieger auch in diesem Jahr zu Himmelfahrt am 29. Mai alle Fans von Loopings, Turns und Rollen in den L\u00fcften eingeladen. Bereits zum 22. Mal zeigten die Piloten ihre aufregenden Flugk\u00fcnste und gestalteten ein vielseitiges Programm f\u00fcr die ganze Familie. [&hellip;]<\/p>\n","protected":false},"author":1,"featured_media":2902,"comment_status":"open","ping_status":"open","sticky":false,"template":"","format":"standard","meta":{"ngg_post_thumbnail":0,"_jetpack_memberships_contains_paid_content":false,"footnotes":""},"categories":[6,52],"tags":[],"class_list":["post-2870","post","type-post","status-publish","format-standard","has-post-thumbnail","hentry","category-landschaft","category-luftfahrt"],"jetpack_featured_media_url":"http:\/\/www.dk-fotos.de\/blog\/wp-content\/uploads\/ngg_featured\/ballenstedt_19.jpg","jetpack_sharing_enabled":true,"_links":{"self":[{"href":"http:\/\/www.dk-fotos.de\/blog\/wp-json\/wp\/v2\/posts\/2870","targetHints":{"allow":["GET"]}}],"collection":[{"href":"http:\/\/www.dk-fotos.de\/blog\/wp-json\/wp\/v2\/posts"}],"about":[{"href":"http:\/\/www.dk-fotos.de\/blog\/wp-json\/wp\/v2\/types\/post"}],"author":[{"embeddable":true,"href":"http:\/\/www.dk-fotos.de\/blog\/wp-json\/wp\/v2\/users\/1"}],"replies":[{"embeddable":true,"href":"http:\/\/www.dk-fotos.de\/blog\/wp-json\/wp\/v2\/comments?post=2870"}],"version-history":[{"count":1,"href":"http:\/\/www.dk-fotos.de\/blog\/wp-json\/wp\/v2\/posts\/2870\/revisions"}],"predecessor-version":[{"id":2903,"href":"http:\/\/www.dk-fotos.de\/blog\/wp-json\/wp\/v2\/posts\/2870\/revisions\/2903"}],"wp:featuredmedia":[{"embeddable":true,"href":"http:\/\/www.dk-fotos.de\/blog\/wp-json\/wp\/v2\/media\/2902"}],"wp:attachment":[{"href":"http:\/\/www.dk-fotos.de\/blog\/wp-json\/wp\/v2\/media?parent=2870"}],"wp:term":[{"taxonomy":"category","embeddable":true,"href":"http:\/\/www.dk-fotos.de\/blog\/wp-json\/wp\/v2\/categories?post=2870"},{"taxonomy":"post_tag","embeddable":true,"href":"http:\/\/www.dk-fotos.de\/blog\/wp-json\/wp\/v2\/tags?post=2870"}],"curies":[{"name":"wp","href":"https:\/\/api.w.org\/{rel}","templated":true}]}}