{"id":2817,"date":"2016-04-24T18:22:40","date_gmt":"2016-04-24T16:22:40","guid":{"rendered":"http:\/\/www.dk-fotos.de\/blog\/?p=2817"},"modified":"2016-04-24T18:22:40","modified_gmt":"2016-04-24T16:22:40","slug":"radtour-nach-tangermuende","status":"publish","type":"post","link":"http:\/\/www.dk-fotos.de\/blog\/radtour-nach-tangermuende\/","title":{"rendered":"Radtour nach Tangerm\u00fcnde"},"content":{"rendered":"<p>Bei bestem Wetter eine kleine Radtour nach <a href=\"https:\/\/de.wikipedia.org\/wiki\/Tangerm%C3%BCnde\" target=\"_blank\">Tangerm\u00fcnde<\/a> gestartet, nein nicht von Magdeburg sondern von Schelldorf.<br \/>\nMit dem Auto bis Schelldorf und von dort mit dem Rad nach und um Tangerm\u00fcnde geradelt. Am Ende waren es dann doch gute 25 km.<br \/>\nTangerm\u00fcnde ist durch die gut erhaltene Altstadt mit vielen Fachwerk- und Backsteinbauten, sowie durch die recht vollst\u00e4ndig erhaltene Burg Tangerm\u00fcnde und die Stadtbefestigung in Backsteinbauweise bekannt.<\/p>\nngg_shortcode_0_placeholder\n","protected":false},"excerpt":{"rendered":"<p>Bei bestem Wetter eine kleine Radtour nach Tangerm\u00fcnde gestartet, nein nicht von Magdeburg sondern von Schelldorf. Mit dem Auto bis Schelldorf und von dort mit dem Rad nach und um Tangerm\u00fcnde geradelt. Am Ende waren es dann doch gute 25 km. Tangerm\u00fcnde ist durch die gut erhaltene Altstadt mit vielen Fachwerk- und Backsteinbauten, sowie durch [&hellip;]<\/p>\n","protected":false},"author":1,"featured_media":2830,"comment_status":"open","ping_status":"open","sticky":false,"template":"","format":"standard","meta":{"ngg_post_thumbnail":0,"_jetpack_memberships_contains_paid_content":false,"footnotes":""},"categories":[7,6,8],"tags":[],"class_list":["post-2817","post","type-post","status-publish","format-standard","has-post-thumbnail","hentry","category-architektur","category-landschaft","category-reisen"],"jetpack_featured_media_url":"http:\/\/www.dk-fotos.de\/blog\/wp-content\/uploads\/ngg_featured\/tangerm\u00fcnde_08.jpg","jetpack_sharing_enabled":true,"_links":{"self":[{"href":"http:\/\/www.dk-fotos.de\/blog\/wp-json\/wp\/v2\/posts\/2817","targetHints":{"allow":["GET"]}}],"collection":[{"href":"http:\/\/www.dk-fotos.de\/blog\/wp-json\/wp\/v2\/posts"}],"about":[{"href":"http:\/\/www.dk-fotos.de\/blog\/wp-json\/wp\/v2\/types\/post"}],"author":[{"embeddable":true,"href":"http:\/\/www.dk-fotos.de\/blog\/wp-json\/wp\/v2\/users\/1"}],"replies":[{"embeddable":true,"href":"http:\/\/www.dk-fotos.de\/blog\/wp-json\/wp\/v2\/comments?post=2817"}],"version-history":[{"count":1,"href":"http:\/\/www.dk-fotos.de\/blog\/wp-json\/wp\/v2\/posts\/2817\/revisions"}],"predecessor-version":[{"id":2831,"href":"http:\/\/www.dk-fotos.de\/blog\/wp-json\/wp\/v2\/posts\/2817\/revisions\/2831"}],"wp:featuredmedia":[{"embeddable":true,"href":"http:\/\/www.dk-fotos.de\/blog\/wp-json\/wp\/v2\/media\/2830"}],"wp:attachment":[{"href":"http:\/\/www.dk-fotos.de\/blog\/wp-json\/wp\/v2\/media?parent=2817"}],"wp:term":[{"taxonomy":"category","embeddable":true,"href":"http:\/\/www.dk-fotos.de\/blog\/wp-json\/wp\/v2\/categories?post=2817"},{"taxonomy":"post_tag","embeddable":true,"href":"http:\/\/www.dk-fotos.de\/blog\/wp-json\/wp\/v2\/tags?post=2817"}],"curies":[{"name":"wp","href":"https:\/\/api.w.org\/{rel}","templated":true}]}}