{"id":2691,"date":"2016-04-06T11:16:04","date_gmt":"2016-04-06T09:16:04","guid":{"rendered":"http:\/\/www.dk-fotos.de\/blog\/?p=2691"},"modified":"2016-04-06T11:16:04","modified_gmt":"2016-04-06T09:16:04","slug":"beelitz-heilstaetten","status":"publish","type":"post","link":"http:\/\/www.dk-fotos.de\/blog\/beelitz-heilstaetten\/","title":{"rendered":"Beelitz-Heilst\u00e4tten"},"content":{"rendered":"<p>Da wir nun schon in Beelitz waren und uns den Baumkronenpfad angesehen haben, sind wir noch weiter \u00fcber&#8217;s Gel\u00e4nde gezogen und haben uns noch ein paar alte Geb\u00e4ude angesehen.<br \/>\nHier hat sich so einiges ver\u00e4ndert, wie schon erw\u00e4hnt war ich mal vor ca. 10 Jahren hier.<\/p>\nngg_shortcode_0_placeholder\n","protected":false},"excerpt":{"rendered":"<p>Da wir nun schon in Beelitz waren und uns den Baumkronenpfad angesehen haben, sind wir noch weiter \u00fcber&#8217;s Gel\u00e4nde gezogen und haben uns noch ein paar alte Geb\u00e4ude angesehen. Hier hat sich so einiges ver\u00e4ndert, wie schon erw\u00e4hnt war ich mal vor ca. 10 Jahren hier.<\/p>\n","protected":false},"author":1,"featured_media":2770,"comment_status":"open","ping_status":"open","sticky":false,"template":"","format":"standard","meta":{"ngg_post_thumbnail":0,"_jetpack_memberships_contains_paid_content":false,"footnotes":""},"categories":[7,6,73],"tags":[],"class_list":["post-2691","post","type-post","status-publish","format-standard","has-post-thumbnail","hentry","category-architektur","category-landschaft","category-lostplace"],"jetpack_featured_media_url":"http:\/\/www.dk-fotos.de\/blog\/wp-content\/uploads\/ngg_featured\/beelitz-heilst\u00e4tten_57.jpg","jetpack_sharing_enabled":true,"_links":{"self":[{"href":"http:\/\/www.dk-fotos.de\/blog\/wp-json\/wp\/v2\/posts\/2691","targetHints":{"allow":["GET"]}}],"collection":[{"href":"http:\/\/www.dk-fotos.de\/blog\/wp-json\/wp\/v2\/posts"}],"about":[{"href":"http:\/\/www.dk-fotos.de\/blog\/wp-json\/wp\/v2\/types\/post"}],"author":[{"embeddable":true,"href":"http:\/\/www.dk-fotos.de\/blog\/wp-json\/wp\/v2\/users\/1"}],"replies":[{"embeddable":true,"href":"http:\/\/www.dk-fotos.de\/blog\/wp-json\/wp\/v2\/comments?post=2691"}],"version-history":[{"count":1,"href":"http:\/\/www.dk-fotos.de\/blog\/wp-json\/wp\/v2\/posts\/2691\/revisions"}],"predecessor-version":[{"id":2771,"href":"http:\/\/www.dk-fotos.de\/blog\/wp-json\/wp\/v2\/posts\/2691\/revisions\/2771"}],"wp:featuredmedia":[{"embeddable":true,"href":"http:\/\/www.dk-fotos.de\/blog\/wp-json\/wp\/v2\/media\/2770"}],"wp:attachment":[{"href":"http:\/\/www.dk-fotos.de\/blog\/wp-json\/wp\/v2\/media?parent=2691"}],"wp:term":[{"taxonomy":"category","embeddable":true,"href":"http:\/\/www.dk-fotos.de\/blog\/wp-json\/wp\/v2\/categories?post=2691"},{"taxonomy":"post_tag","embeddable":true,"href":"http:\/\/www.dk-fotos.de\/blog\/wp-json\/wp\/v2\/tags?post=2691"}],"curies":[{"name":"wp","href":"https:\/\/api.w.org\/{rel}","templated":true}]}}