{"id":264,"date":"2014-05-06T23:46:19","date_gmt":"2014-05-06T21:46:19","guid":{"rendered":"http:\/\/www.dk-fotos.de\/blog\/?p=264"},"modified":"2015-02-14T23:12:48","modified_gmt":"2015-02-14T21:12:48","slug":"264","status":"publish","type":"post","link":"http:\/\/www.dk-fotos.de\/blog\/264\/","title":{"rendered":"Ausflug zum K\u00f6nigsstuhl (R\u00fcgen)"},"content":{"rendered":"<address>Heute gings nach Sassnitz, von dort mit dem Schiff bis zum K\u00f6nigsstuhl (R\u00fcgen), danach gings zur\u00fcck zum Seebad Prora.<br \/>\nVon Prora fuhren wir dann wieder zur\u00fcck, \u00fcber G\u00f6hren noch ein wenig am Strand entlang, nach Middelhagen.\u00a0<\/address>\n<address>\n<figure id=\"attachment_265\" aria-describedby=\"caption-attachment-265\" style=\"width: 960px\" class=\"wp-caption alignnone\"><img loading=\"lazy\" decoding=\"async\" class=\"wp-image-265 size-full\" src=\"http:\/\/www.dk-fotos.de\/blog\/wp-content\/uploads\/2014\/05\/140506_deko_1981.jpg\" alt=\"K\u00f6nigsstuhl (R\u00fcgen)\" width=\"960\" height=\"640\" srcset=\"http:\/\/www.dk-fotos.de\/blog\/wp-content\/uploads\/2014\/05\/140506_deko_1981.jpg 960w, http:\/\/www.dk-fotos.de\/blog\/wp-content\/uploads\/2014\/05\/140506_deko_1981-300x200.jpg 300w, http:\/\/www.dk-fotos.de\/blog\/wp-content\/uploads\/2014\/05\/140506_deko_1981-624x416.jpg 624w\" sizes=\"auto, (max-width: 960px) 100vw, 960px\" \/><figcaption id=\"caption-attachment-265\" class=\"wp-caption-text\">K\u00f6nigsstuhl (R\u00fcgen)<\/figcaption><\/figure>\n<\/address>\n<address>\u00a0<\/address>\n","protected":false},"excerpt":{"rendered":"<p>Heute gings nach Sassnitz, von dort mit dem Schiff bis zum K\u00f6nigsstuhl (R\u00fcgen), danach gings zur\u00fcck zum Seebad Prora. Von Prora fuhren wir dann wieder zur\u00fcck, \u00fcber G\u00f6hren noch ein wenig am Strand entlang, nach Middelhagen.\u00a0 \u00a0<\/p>\n","protected":false},"author":1,"featured_media":265,"comment_status":"open","ping_status":"closed","sticky":false,"template":"","format":"standard","meta":{"ngg_post_thumbnail":0,"_jetpack_memberships_contains_paid_content":false,"footnotes":""},"categories":[15,6,8],"tags":[55,54],"class_list":["post-264","post","type-post","status-publish","format-standard","has-post-thumbnail","hentry","category-fotografie","category-landschaft","category-reisen","tag-fotografie","tag-reisen"],"jetpack_featured_media_url":"http:\/\/www.dk-fotos.de\/blog\/wp-content\/uploads\/2014\/05\/140506_deko_1981.jpg","jetpack_sharing_enabled":true,"_links":{"self":[{"href":"http:\/\/www.dk-fotos.de\/blog\/wp-json\/wp\/v2\/posts\/264","targetHints":{"allow":["GET"]}}],"collection":[{"href":"http:\/\/www.dk-fotos.de\/blog\/wp-json\/wp\/v2\/posts"}],"about":[{"href":"http:\/\/www.dk-fotos.de\/blog\/wp-json\/wp\/v2\/types\/post"}],"author":[{"embeddable":true,"href":"http:\/\/www.dk-fotos.de\/blog\/wp-json\/wp\/v2\/users\/1"}],"replies":[{"embeddable":true,"href":"http:\/\/www.dk-fotos.de\/blog\/wp-json\/wp\/v2\/comments?post=264"}],"version-history":[{"count":16,"href":"http:\/\/www.dk-fotos.de\/blog\/wp-json\/wp\/v2\/posts\/264\/revisions"}],"predecessor-version":[{"id":1115,"href":"http:\/\/www.dk-fotos.de\/blog\/wp-json\/wp\/v2\/posts\/264\/revisions\/1115"}],"wp:featuredmedia":[{"embeddable":true,"href":"http:\/\/www.dk-fotos.de\/blog\/wp-json\/wp\/v2\/media\/265"}],"wp:attachment":[{"href":"http:\/\/www.dk-fotos.de\/blog\/wp-json\/wp\/v2\/media?parent=264"}],"wp:term":[{"taxonomy":"category","embeddable":true,"href":"http:\/\/www.dk-fotos.de\/blog\/wp-json\/wp\/v2\/categories?post=264"},{"taxonomy":"post_tag","embeddable":true,"href":"http:\/\/www.dk-fotos.de\/blog\/wp-json\/wp\/v2\/tags?post=264"}],"curies":[{"name":"wp","href":"https:\/\/api.w.org\/{rel}","templated":true}]}}